{"id":2920,"date":"2023-09-05T21:09:22","date_gmt":"2023-09-05T21:09:22","guid":{"rendered":"https:\/\/quantumcarga.com\/?p=2920"},"modified":"2023-09-05T21:10:02","modified_gmt":"2023-09-05T21:10:02","slug":"despues-de-una-larga-temporada-la-zona-libre-vuelve-a-ser-patrocinador-oficial-de-la-teleton-20-30","status":"publish","type":"post","link":"https:\/\/quantumcarga.com\/en\/despues-de-una-larga-temporada-la-zona-libre-vuelve-a-ser-patrocinador-oficial-de-la-teleton-20-30\/","title":{"rendered":"DESPU\u00c9S DE UNA LARGA TEMPORADA LA ZONA LIBRE VUELVE A SER PATROCINADOR OFICIAL DE LA TELET\u00d3N 20-30"},"content":{"rendered":"<p>Asistimos al Lanzamiento de la Telet\u00f3n 20-30, en la cual Zona Libre de Col\u00f3n participamos nuevamente, en calidad de Patrocinador Oficial. Fue una noche donde se revel\u00f3 la figura de la ni\u00f1a Camila Bravo como la Embajadora Estrella Telet\u00f3n 20-30 de 2023.<\/p>\n\n\n\n<p><br>Estuvieron en el evento el Gerente Giovanni Ferrari, la Subgerente Olgalina de Quijada y la Secretaria General Aline Torres, quienes expresaron sentirse muy contentos en representar a la Zona Libre de Col\u00f3n, en la Telet\u00f3n versi\u00f3n del 2023.<\/p>\n\n\n\n<p>&nbsp;<br>\u201cLa Zona Libre de Col\u00f3n despu\u00e9s de 9 a\u00f1os, regresa a ser un \u2018sponsor\u2019 principal de este evento, que es muy sentido por la poblaci\u00f3n paname\u00f1a, en donde el coraz\u00f3n y el desprendimiento del paname\u00f1o se ve tanto a nivel de empresa como en los individuos. Es un evento colectivo que todos gozamos mucho y estoy seguro que tambi\u00e9n este a\u00f1o va a ser igual. Instamos a todos los colonenses en particular, y a todos los paname\u00f1os que este a\u00f1o hagan su aporte para ayudar a aquellos hermanos que tienen necesidades puntuales\u201d, enfatiz\u00f3 el Gerente Ferrari.<\/p>\n\n\n\n<p>&nbsp;<br>En sus palabras de agradecimiento al Club Activo 20-30 por el tiempo, recurso y pasi\u00f3n que dedican para la organizaci\u00f3n de este evento, el Gerente finaliz\u00f3 diciendo \u201carriba Panam\u00e1, arriba con estas donaciones, hagamos de nuestro pa\u00eds un gran pa\u00eds\u201d.<\/p>\n\n\n\n<p><br>Bajo la premisa de contribuir siempre al desarrollo de la ni\u00f1ez paname\u00f1a, nace TELET\u00d3N 20-30 en el a\u00f1o 1981, como un proyecto de alto valor y grandes expectativas, que consiste en la recaudaci\u00f3n de fondos para obras sociales, mediante un espect\u00e1culo de presentaciones art\u00edsticas, transmitido en cadena nacional de televisi\u00f3n con una duraci\u00f3n m\u00ednima de 27 horas continuas.<\/p>\n\n\n\n<p>&nbsp;<br>Es reconocida como el compromiso de Panam\u00e1, con un \u00e9xito basado en el apoyo de la comunidad para realizar obras y proyectos de gran impacto en nuestra sociedad y este a\u00f1o va dirigido a sumarnos al latir por la lactancia materna.<\/p>\n\n\n\n<p>Fuente: <a href=\"https:\/\/www.zolicol.gob.pa\/despues-de-una-larga-temporada-la-zona-libre-vuelve-a-ser-patrocinador-oficial-de-la-teleton-20-30\/\" data-type=\"link\" data-id=\"https:\/\/www.zolicol.gob.pa\/despues-de-una-larga-temporada-la-zona-libre-vuelve-a-ser-patrocinador-oficial-de-la-teleton-20-30\/\">Zona libre Panam\u00e1<\/a><\/p>","protected":false},"excerpt":{"rendered":"<p>Asistimos al Lanzamiento de la Telet\u00f3n 20-30, en la cual Zona Libre de Col\u00f3n participamos nuevamente, en calidad de Patrocinador Oficial. Fue una noche donde se revel\u00f3 la figura de la ni\u00f1a Camila Bravo como la Embajadora Estrella Telet\u00f3n 20-30 de 2023. Estuvieron en el evento el Gerente Giovanni Ferrari, la Subgerente Olgalina de Quijada [&hellip;]<\/p>","protected":false},"author":1,"featured_media":2921,"comment_status":"open","ping_status":"open","sticky":false,"template":"","format":"standard","meta":{"_et_pb_use_builder":"off","_et_pb_old_content":"","_et_gb_content_width":"","footnotes":""},"categories":[85],"tags":[],"class_list":["post-2920","post","type-post","status-publish","format-standard","has-post-thumbnail","hentry","category-noticias"],"_links":{"self":[{"href":"https:\/\/quantumcarga.com\/en\/wp-json\/wp\/v2\/posts\/2920","targetHints":{"allow":["GET"]}}],"collection":[{"href":"https:\/\/quantumcarga.com\/en\/wp-json\/wp\/v2\/posts"}],"about":[{"href":"https:\/\/quantumcarga.com\/en\/wp-json\/wp\/v2\/types\/post"}],"author":[{"embeddable":true,"href":"https:\/\/quantumcarga.com\/en\/wp-json\/wp\/v2\/users\/1"}],"replies":[{"embeddable":true,"href":"https:\/\/quantumcarga.com\/en\/wp-json\/wp\/v2\/comments?post=2920"}],"version-history":[{"count":2,"href":"https:\/\/quantumcarga.com\/en\/wp-json\/wp\/v2\/posts\/2920\/revisions"}],"predecessor-version":[{"id":2923,"href":"https:\/\/quantumcarga.com\/en\/wp-json\/wp\/v2\/posts\/2920\/revisions\/2923"}],"wp:featuredmedia":[{"embeddable":true,"href":"https:\/\/quantumcarga.com\/en\/wp-json\/wp\/v2\/media\/2921"}],"wp:attachment":[{"href":"https:\/\/quantumcarga.com\/en\/wp-json\/wp\/v2\/media?parent=2920"}],"wp:term":[{"taxonomy":"category","embeddable":true,"href":"https:\/\/quantumcarga.com\/en\/wp-json\/wp\/v2\/categories?post=2920"},{"taxonomy":"post_tag","embeddable":true,"href":"https:\/\/quantumcarga.com\/en\/wp-json\/wp\/v2\/tags?post=2920"}],"curies":[{"name":"wp","href":"https:\/\/api.w.org\/{rel}","templated":true}]}}